{"id":2,"count":1,"description":"","link":"https:\/\/imprimeriecentrale.fr\/CFTC-AGRI\/categorie\/actualites-federales","name":"Actualit\u00e9s f\u00e9d\u00e9rales","slug":"actualites-federales","taxonomy":"category","parent":0,"meta":[],"_links":{"self":[{"href":"https:\/\/imprimeriecentrale.fr\/CFTC-AGRI\/wp-json\/wp\/v2\/categories\/2"}],"collection":[{"href":"https:\/\/imprimeriecentrale.fr\/CFTC-AGRI\/wp-json\/wp\/v2\/categories"}],"about":[{"href":"https:\/\/imprimeriecentrale.fr\/CFTC-AGRI\/wp-json\/wp\/v2\/taxonomies\/category"}],"wp:post_type":[{"href":"https:\/\/imprimeriecentrale.fr\/CFTC-AGRI\/wp-json\/wp\/v2\/posts?categories=2"}],"curies":[{"name":"wp","href":"https:\/\/api.w.org\/{rel}","templated":true}]}}